{"id":9850,"date":"2015-11-11T20:58:47","date_gmt":"2015-11-11T19:58:47","guid":{"rendered":"https:\/\/www.federacionfotovasca.org\/?p=9850"},"modified":"2015-11-11T21:11:35","modified_gmt":"2015-11-11T20:11:35","slug":"jose-luis-irigoien-su-ultimo-trabajo-ebakinak","status":"publish","type":"post","link":"https:\/\/blog.federacionfotovasca.org\/eu\/jose-luis-irigoien-su-ultimo-trabajo-ebakinak\/","title":{"rendered":"Jose Luis Irigoien, su \u00faltimo trabajo: Ebakinak"},"content":{"rendered":"<div dir=\"ltr\">\n<div>\n<p><a href=\"https:\/\/www.federacionfotovasca.org\/wp-content\/uploads\/2015\/11\/Jose-Luis-Irigoien_DSC1548.jpg\" target=\"_blank\"><img loading=\"lazy\" decoding=\"async\" class=\"wp-image-9851 alignleft\" src=\"https:\/\/www.federacionfotovasca.org\/wp-content\/uploads\/2015\/11\/Jose-Luis-Irigoien_DSC1548.jpg\" alt=\"Jose Luis Irigoien_DSC1548\" width=\"150\" height=\"134\" srcset=\"https:\/\/blog.federacionfotovasca.org\/wp-content\/uploads\/2015\/11\/Jose-Luis-Irigoien_DSC1548.jpg 862w, https:\/\/blog.federacionfotovasca.org\/wp-content\/uploads\/2015\/11\/Jose-Luis-Irigoien_DSC1548-300x267.jpg 300w, https:\/\/blog.federacionfotovasca.org\/wp-content\/uploads\/2015\/11\/Jose-Luis-Irigoien_DSC1548-620x552.jpg 620w, https:\/\/blog.federacionfotovasca.org\/wp-content\/uploads\/2015\/11\/Jose-Luis-Irigoien_DSC1548-768x684.jpg 768w\" sizes=\"auto, (max-width: 150px) 100vw, 150px\" \/><\/a>Bihar, azaroaren 10ean, 19:30etan eta Eibarko Klub Deportibo Argazki Taldean Jose Luis Irigoienek bere azken bilduma aurkeztuko du\u00a0 eta bildumarekin batera Bildumaren liburua: Ebakinak<\/p>\n<\/div>\n<div>Liburua ikusteko eta erosteko: <a href=\"http:\/\/www.blurb.es\" target=\"_blank\">www.blurb.es<\/a>\u00a0 ir Liburutegira joan eta ipini nire izena<a href=\"http:\/\/eibar.org\/blogak\/irigoien\" target=\"_blank\"><img loading=\"lazy\" decoding=\"async\" class=\"wp-image-8568 alignright\" src=\"https:\/\/www.federacionfotovasca.org\/wp-content\/uploads\/2015\/04\/Jose-Luis-Irigoien.jpg\" alt=\"Jose Luis Irigoien\" width=\"218\" height=\"147\" srcset=\"https:\/\/blog.federacionfotovasca.org\/wp-content\/uploads\/2015\/04\/Jose-Luis-Irigoien.jpg 400w, https:\/\/blog.federacionfotovasca.org\/wp-content\/uploads\/2015\/04\/Jose-Luis-Irigoien-300x202.jpg 300w\" sizes=\"auto, (max-width: 218px) 100vw, 218px\" \/><\/a><\/div>\n<p>El 10 de Noviembre a las 19:30 y en el Eibarko Klub Deportibo Argazki Taldea Jose Luis Irigoien presentar\u00e1 su \u00faltimo trabajo: Ebakinak y junto con la colecci\u00f3n el libro de la misma.<span style=\"color: #888888;\"><br \/>\n<\/span><\/p>\n<\/div>\n<p><span style=\"color: #888888;\">Para ver o comprar el libro entrar en <a href=\"http:\/\/www.blurb.es\" target=\"_blank\">www.blurb.es<\/a> ir a Libreria y poner mi nombre<span class=\"HOEnZb\"><span style=\"color: #888888;\"><br \/>\n<\/span><\/span><\/span><\/p>\n<div><a href=\"http:\/\/www.eibar.org\/blogak\/irigoien\" target=\"_blank\">www.eibar.org\/blogak\/irigoien<\/a><\/div>\n","protected":false},"excerpt":{"rendered":"<p>Bihar, azaroaren 10ean, 19:30etan eta Eibarko Klub Deportibo Argazki Taldean Jose Luis Irigoienek bere azken bilduma aurkeztuko du\u00a0 eta bildumarekin batera Bildumaren liburua: Ebakinak Liburua ikusteko eta erosteko: www.blurb.es\u00a0 ir Liburutegira joan eta ipini nire izena El 10 de Noviembre &hellip; <a href=\"https:\/\/blog.federacionfotovasca.org\/eu\/jose-luis-irigoien-su-ultimo-trabajo-ebakinak\/\">Continue reading <span class=\"meta-nav\">&rarr;<\/span><\/a><\/p>\n","protected":false},"author":1,"featured_media":0,"comment_status":"open","ping_status":"open","sticky":false,"template":"","format":"standard","meta":{"footnotes":""},"categories":[15],"tags":[409,194],"class_list":["post-9850","post","type-post","status-publish","format-standard","hentry","category-general","tag-ebakinak","tag-jose-luis-irigoien"],"_links":{"self":[{"href":"https:\/\/blog.federacionfotovasca.org\/eu\/wp-json\/wp\/v2\/posts\/9850","targetHints":{"allow":["GET"]}}],"collection":[{"href":"https:\/\/blog.federacionfotovasca.org\/eu\/wp-json\/wp\/v2\/posts"}],"about":[{"href":"https:\/\/blog.federacionfotovasca.org\/eu\/wp-json\/wp\/v2\/types\/post"}],"author":[{"embeddable":true,"href":"https:\/\/blog.federacionfotovasca.org\/eu\/wp-json\/wp\/v2\/users\/1"}],"replies":[{"embeddable":true,"href":"https:\/\/blog.federacionfotovasca.org\/eu\/wp-json\/wp\/v2\/comments?post=9850"}],"version-history":[{"count":1,"href":"https:\/\/blog.federacionfotovasca.org\/eu\/wp-json\/wp\/v2\/posts\/9850\/revisions"}],"predecessor-version":[{"id":9858,"href":"https:\/\/blog.federacionfotovasca.org\/eu\/wp-json\/wp\/v2\/posts\/9850\/revisions\/9858"}],"wp:attachment":[{"href":"https:\/\/blog.federacionfotovasca.org\/eu\/wp-json\/wp\/v2\/media?parent=9850"}],"wp:term":[{"taxonomy":"category","embeddable":true,"href":"https:\/\/blog.federacionfotovasca.org\/eu\/wp-json\/wp\/v2\/categories?post=9850"},{"taxonomy":"post_tag","embeddable":true,"href":"https:\/\/blog.federacionfotovasca.org\/eu\/wp-json\/wp\/v2\/tags?post=9850"}],"curies":[{"name":"wp","href":"https:\/\/api.w.org\/{rel}","templated":true}]}}