{"id":9914,"date":"2015-11-18T10:39:34","date_gmt":"2015-11-18T09:39:34","guid":{"rendered":"https:\/\/www.federacionfotovasca.org\/?p=9914"},"modified":"2015-11-18T10:41:22","modified_gmt":"2015-11-18T09:41:22","slug":"bilboargazki-2015-j-m-mellado","status":"publish","type":"post","link":"https:\/\/blog.federacionfotovasca.org\/eu\/bilboargazki-2015-j-m-mellado\/","title":{"rendered":"Bilboargazki 2015 &#8211; J. M. Mellado"},"content":{"rendered":"<section>\n<h3>Presentaci\u00f3n Libro<\/h3>\n<ul class=\"style2\">\n<li><a href=\"http:\/\/www.bilboargazki.com\/bilboargazki15\/conferencias\/fotografia-panoramica.html\">Fotograf\u00eda Panor\u00e1mica de alta calidad<\/a><\/li>\n<\/ul>\n<p>La b\u00fasqueda apasionada de la belleza en lo aparentemente vulgar, anodino o decadente es una de las claves que conforma el discurso de este artista.<\/p>\n<p>En su af\u00e1n por conseguir transmitir al espectador las sensaciones vividas en el momento de la toma con la mayor complejidad y fidelidad posibles, Mellado ha investigado en profundidad las posibilidades t\u00e9cnicas de la captura, tratamiento y copiado. Su trabajo art\u00edstico se halla recogido en cuatro libros de obra: \u201cEl Silencio y la Luz\u201d, \u201cIslandia\u201d, \u201cPaisaje. El Eterno Retorno\u201d y \u201cFrom Heaven to Earth\u201d.<\/p>\n<p>Con cerca de 200.000 seguidores en redes sociales, es el autor de fotograf\u00eda de mayor \u00e9xito en lengua espa\u00f1ola con su best seller &#8220;Fotograf\u00eda de Alta Calidad&#8221;.<\/p>\n<p>Su trabajo ha sido premiado en m\u00e1s de un centenar de ocasiones y sus obras figuran en importantes colecciones y museos, destacando la Colecci\u00f3n Permanente del Museo Nacional Reina Sof\u00eda, Borusan Contemporary de Estamb\u00fal, Chazen Museum of Art (Wisconsin &#8211; USA), Colecci\u00f3n de Arte Contempor\u00e1neo de la Comunidad de Madrid, Centro Andaluz de Arte Contempor\u00e1neo, la Sociedad Estatal para Exposiciones Internacionales, Museo de C\u00e1ceres, Gobierno de Cantabria, Asamblea de Extremadura, Artium (Museo Vasco de Arte Contempor\u00e1neo), Fundaci\u00f3n Coca Cola, Fundaci\u00f3n UNED, TEA, Museo de Bellas Artes de Santander, etc\u2026<\/p>\n<p>Ha participado de forma regular en las ferias de arte internacionales m\u00e1s relevantes tales como ArtBasel, Art Brussels, Art Cologne, Art Karlsruhe, Photo Miami, Pulse, SCOPE, ArteLisboa o ARCO, estando actualmente representado por galer\u00edas de Alemania, B\u00e9lgica, Turqu\u00eda, Suiza, Francia y Panam\u00e1.<\/p>\n<p>M\u00e1s informaci\u00f3n en www.JoseMariaMellado.com y en www.FotoAltaCalidad.com<\/p>\n<p><a href=\"https:\/\/www.flickr.com\/photos\/ehate\/albums\/72157661288305282\/with\/22666733498\/\" target=\"_blank\">Im\u00e1genes en Flickr<\/a><\/p>\n<p><a href=\"https:\/\/www.federacionfotovasca.org\/wp-content\/uploads\/2015\/11\/Bilboargazki-Mellado-FNAC_2015-10-27-20-14-24_028.jpg\" target=\"_blank\"><img loading=\"lazy\" decoding=\"async\" class=\"wp-image-9915 alignleft\" src=\"https:\/\/www.federacionfotovasca.org\/wp-content\/uploads\/2015\/11\/Bilboargazki-Mellado-FNAC_2015-10-27-20-14-24_028-940x627.jpg\" alt=\"Bilboargazki Mellado FNAC_2015-10-27-20-14-24_028\" width=\"397\" height=\"265\" srcset=\"https:\/\/blog.federacionfotovasca.org\/wp-content\/uploads\/2015\/11\/Bilboargazki-Mellado-FNAC_2015-10-27-20-14-24_028-940x627.jpg 940w, https:\/\/blog.federacionfotovasca.org\/wp-content\/uploads\/2015\/11\/Bilboargazki-Mellado-FNAC_2015-10-27-20-14-24_028-300x200.jpg 300w, https:\/\/blog.federacionfotovasca.org\/wp-content\/uploads\/2015\/11\/Bilboargazki-Mellado-FNAC_2015-10-27-20-14-24_028-620x413.jpg 620w, https:\/\/blog.federacionfotovasca.org\/wp-content\/uploads\/2015\/11\/Bilboargazki-Mellado-FNAC_2015-10-27-20-14-24_028-768x512.jpg 768w\" sizes=\"auto, (max-width: 397px) 100vw, 397px\" \/><\/a><a href=\"https:\/\/www.federacionfotovasca.org\/wp-content\/uploads\/2015\/11\/Bilboargazki-Mellado-FNAC_2015-10-27-20-45-47_061.jpg\" target=\"_blank\"><img loading=\"lazy\" decoding=\"async\" class=\"wp-image-9916 alignright\" src=\"https:\/\/www.federacionfotovasca.org\/wp-content\/uploads\/2015\/11\/Bilboargazki-Mellado-FNAC_2015-10-27-20-45-47_061-940x627.jpg\" alt=\"Bilboargazki Mellado FNAC_2015-10-27-20-45-47_061\" width=\"397\" height=\"265\" srcset=\"https:\/\/blog.federacionfotovasca.org\/wp-content\/uploads\/2015\/11\/Bilboargazki-Mellado-FNAC_2015-10-27-20-45-47_061-940x627.jpg 940w, https:\/\/blog.federacionfotovasca.org\/wp-content\/uploads\/2015\/11\/Bilboargazki-Mellado-FNAC_2015-10-27-20-45-47_061-300x200.jpg 300w, https:\/\/blog.federacionfotovasca.org\/wp-content\/uploads\/2015\/11\/Bilboargazki-Mellado-FNAC_2015-10-27-20-45-47_061-620x413.jpg 620w, https:\/\/blog.federacionfotovasca.org\/wp-content\/uploads\/2015\/11\/Bilboargazki-Mellado-FNAC_2015-10-27-20-45-47_061-768x512.jpg 768w\" sizes=\"auto, (max-width: 397px) 100vw, 397px\" \/><\/a><\/p>\n<\/section>\n<p>&nbsp;<\/p>\n<p>&nbsp;<\/p>\n<p>&nbsp;<\/p>\n<p>&nbsp;<\/p>\n<p>&nbsp;<\/p>\n<p>&nbsp;<\/p>\n<p style=\"text-align: left;\"><span style=\"color: #808080;\">.<\/span><\/p>\n<p style=\"text-align: left;\"><span style=\"color: #333333;\">.<\/span><\/p>\n","protected":false},"excerpt":{"rendered":"<p>Presentaci\u00f3n Libro Fotograf\u00eda Panor\u00e1mica de alta calidad La b\u00fasqueda apasionada de la belleza en lo aparentemente vulgar, anodino o decadente es una de las claves que conforma el discurso de este artista. En su af\u00e1n por conseguir transmitir al espectador &hellip; <a href=\"https:\/\/blog.federacionfotovasca.org\/eu\/bilboargazki-2015-j-m-mellado\/\">Continue reading <span class=\"meta-nav\">&rarr;<\/span><\/a><\/p>\n","protected":false},"author":1,"featured_media":0,"comment_status":"open","ping_status":"open","sticky":false,"template":"","format":"standard","meta":{"footnotes":""},"categories":[134],"tags":[41,425,428,71,429],"class_list":["post-9914","post","type-post","status-publish","format-standard","hentry","category-bilboargazki","tag-bilbao","tag-bilboargazki","tag-jose-maria-mellado","tag-libro","tag-presentacion"],"_links":{"self":[{"href":"https:\/\/blog.federacionfotovasca.org\/eu\/wp-json\/wp\/v2\/posts\/9914","targetHints":{"allow":["GET"]}}],"collection":[{"href":"https:\/\/blog.federacionfotovasca.org\/eu\/wp-json\/wp\/v2\/posts"}],"about":[{"href":"https:\/\/blog.federacionfotovasca.org\/eu\/wp-json\/wp\/v2\/types\/post"}],"author":[{"embeddable":true,"href":"https:\/\/blog.federacionfotovasca.org\/eu\/wp-json\/wp\/v2\/users\/1"}],"replies":[{"embeddable":true,"href":"https:\/\/blog.federacionfotovasca.org\/eu\/wp-json\/wp\/v2\/comments?post=9914"}],"version-history":[{"count":1,"href":"https:\/\/blog.federacionfotovasca.org\/eu\/wp-json\/wp\/v2\/posts\/9914\/revisions"}],"predecessor-version":[{"id":9919,"href":"https:\/\/blog.federacionfotovasca.org\/eu\/wp-json\/wp\/v2\/posts\/9914\/revisions\/9919"}],"wp:attachment":[{"href":"https:\/\/blog.federacionfotovasca.org\/eu\/wp-json\/wp\/v2\/media?parent=9914"}],"wp:term":[{"taxonomy":"category","embeddable":true,"href":"https:\/\/blog.federacionfotovasca.org\/eu\/wp-json\/wp\/v2\/categories?post=9914"},{"taxonomy":"post_tag","embeddable":true,"href":"https:\/\/blog.federacionfotovasca.org\/eu\/wp-json\/wp\/v2\/tags?post=9914"}],"curies":[{"name":"wp","href":"https:\/\/api.w.org\/{rel}","templated":true}]}}