{"id":9999,"date":"2015-12-03T13:02:51","date_gmt":"2015-12-03T12:02:51","guid":{"rendered":"https:\/\/www.federacionfotovasca.org\/?p=9999"},"modified":"2015-12-03T13:02:51","modified_gmt":"2015-12-03T12:02:51","slug":"charla-en-la-sfg","status":"publish","type":"post","link":"https:\/\/blog.federacionfotovasca.org\/eu\/charla-en-la-sfg\/","title":{"rendered":"CHARLA EN LA SFG"},"content":{"rendered":"<p><a href=\"http:\/\/www.sfg-ss.com\" target=\"_blank\"><img loading=\"lazy\" decoding=\"async\" class=\"size-full wp-image-8633 aligncenter\" src=\"https:\/\/www.federacionfotovasca.org\/wp-content\/uploads\/2015\/05\/Captura-de-pantalla-2015-05-11-a-las-17.59.41.png\" alt=\"SFG\" width=\"937\" height=\"89\" srcset=\"https:\/\/blog.federacionfotovasca.org\/wp-content\/uploads\/2015\/05\/Captura-de-pantalla-2015-05-11-a-las-17.59.41.png 937w, https:\/\/blog.federacionfotovasca.org\/wp-content\/uploads\/2015\/05\/Captura-de-pantalla-2015-05-11-a-las-17.59.41-300x28.png 300w, https:\/\/blog.federacionfotovasca.org\/wp-content\/uploads\/2015\/05\/Captura-de-pantalla-2015-05-11-a-las-17.59.41-620x59.png 620w, https:\/\/blog.federacionfotovasca.org\/wp-content\/uploads\/2015\/05\/Captura-de-pantalla-2015-05-11-a-las-17.59.41-768x73.png 768w\" sizes=\"auto, (max-width: 937px) 100vw, 937px\" \/><\/a><\/p>\n<p>Informaci\u00f3n sobre una charla que dar\u00e1 <span style=\"color: #ff6600;\">Jos\u00e9 Luis Valdivia<\/span> en la SFG el 10 de diciembre.<a href=\"https:\/\/www.federacionfotovasca.org\/wp-content\/uploads\/2015\/12\/Gipuzkoa_101215.jpg\" target=\"_blank\"><img loading=\"lazy\" decoding=\"async\" class=\"wp-image-10000 alignright\" src=\"https:\/\/www.federacionfotovasca.org\/wp-content\/uploads\/2015\/12\/Gipuzkoa_101215-940x1402.jpg\" alt=\"Gipuzkoa_101215\" width=\"192\" height=\"287\" srcset=\"https:\/\/blog.federacionfotovasca.org\/wp-content\/uploads\/2015\/12\/Gipuzkoa_101215-940x1402.jpg 940w, https:\/\/blog.federacionfotovasca.org\/wp-content\/uploads\/2015\/12\/Gipuzkoa_101215-300x448.jpg 300w, https:\/\/blog.federacionfotovasca.org\/wp-content\/uploads\/2015\/12\/Gipuzkoa_101215-620x925.jpg 620w, https:\/\/blog.federacionfotovasca.org\/wp-content\/uploads\/2015\/12\/Gipuzkoa_101215-768x1146.jpg 768w\" sizes=\"auto, (max-width: 192px) 100vw, 192px\" \/><\/a><\/p>\n<p>Los interesados deber\u00e1n inscribirse previamente ya que el aforo es limitado.<\/p>\n<p>La inscripci\u00f3n se realizar\u00e1 a trav\u00e9s de la p\u00e1gina web de Fujifilm que se indica en el cartel adjunto. En el mismo consta el programa, que comenzar\u00e1 a las 17,30 horas.<\/p>\n<p>Saludos,<\/p>\n<p>Sociedad Fotogr\u00e1fica de Gipuzkoa<\/p>\n<p>C\/ San Juan, 27 \u00a0 &#8211; \u00a0\u00a0Tel.\u00a0<a href=\"tel:943%2042%2013%2086\">943 42 13 86<\/a><\/p>\n<p><a href=\"http:\/\/www.sfg-ss.com\/\">www.sfg-ss.com<\/a><\/p>\n<p><a href=\"mailto:sfg@sfg-ss.com\">sfg@sfg-ss.com<\/a><\/p>\n<p>&nbsp;<\/p>\n","protected":false},"excerpt":{"rendered":"<p>Informaci\u00f3n sobre una charla que dar\u00e1 Jos\u00e9 Luis Valdivia en la SFG el 10 de diciembre. Los interesados deber\u00e1n inscribirse previamente ya que el aforo es limitado. La inscripci\u00f3n se realizar\u00e1 a trav\u00e9s de la p\u00e1gina web de Fujifilm que &hellip; <a href=\"https:\/\/blog.federacionfotovasca.org\/eu\/charla-en-la-sfg\/\">Continue reading <span class=\"meta-nav\">&rarr;<\/span><\/a><\/p>\n","protected":false},"author":1,"featured_media":0,"comment_status":"open","ping_status":"open","sticky":false,"template":"","format":"standard","meta":{"footnotes":""},"categories":[3,59],"tags":[203,32,424,138,444],"class_list":["post-9999","post","type-post","status-publish","format-standard","hentry","category-fotografos","category-tecnica","tag-charla","tag-donosti","tag-fotografs","tag-gipuzkoa","tag-jose-luis-valdivia"],"_links":{"self":[{"href":"https:\/\/blog.federacionfotovasca.org\/eu\/wp-json\/wp\/v2\/posts\/9999","targetHints":{"allow":["GET"]}}],"collection":[{"href":"https:\/\/blog.federacionfotovasca.org\/eu\/wp-json\/wp\/v2\/posts"}],"about":[{"href":"https:\/\/blog.federacionfotovasca.org\/eu\/wp-json\/wp\/v2\/types\/post"}],"author":[{"embeddable":true,"href":"https:\/\/blog.federacionfotovasca.org\/eu\/wp-json\/wp\/v2\/users\/1"}],"replies":[{"embeddable":true,"href":"https:\/\/blog.federacionfotovasca.org\/eu\/wp-json\/wp\/v2\/comments?post=9999"}],"version-history":[{"count":1,"href":"https:\/\/blog.federacionfotovasca.org\/eu\/wp-json\/wp\/v2\/posts\/9999\/revisions"}],"predecessor-version":[{"id":10001,"href":"https:\/\/blog.federacionfotovasca.org\/eu\/wp-json\/wp\/v2\/posts\/9999\/revisions\/10001"}],"wp:attachment":[{"href":"https:\/\/blog.federacionfotovasca.org\/eu\/wp-json\/wp\/v2\/media?parent=9999"}],"wp:term":[{"taxonomy":"category","embeddable":true,"href":"https:\/\/blog.federacionfotovasca.org\/eu\/wp-json\/wp\/v2\/categories?post=9999"},{"taxonomy":"post_tag","embeddable":true,"href":"https:\/\/blog.federacionfotovasca.org\/eu\/wp-json\/wp\/v2\/tags?post=9999"}],"curies":[{"name":"wp","href":"https:\/\/api.w.org\/{rel}","templated":true}]}}